{"id":939,"__str__":"Autoria: Marcos Ferreira de Ara\u00fajo - Indica\u00e7\u00f5es n\u00ba 21 de 2023","link_detail_backend":"/materia/autoria/939","metadata":{},"primeiro_autor":true,"autor":5,"materia":1052}