{"id":50,"__str__":"Requerimentos n\u00ba 65 de 2021","link_detail_backend":"/materia/50","metadata":{},"numero":65,"ano":2021,"numero_protocolo":null,"data_apresentacao":"2021-03-16","tipo_apresentacao":"","data_publicacao":null,"numero_origem_externa":"","ano_origem_externa":null,"data_origem_externa":null,"apelido":"","dias_prazo":null,"data_fim_prazo":null,"em_tramitacao":false,"polemica":false,"objeto":"","complementar":false,"ementa":"Revitaliza\u00e7\u00e3o da Pra\u00e7a In\u00e1cio Jos\u00e9 dos Campos, constru\u00e7\u00e3o de estacionamento, banheiro p\u00fabico e de monumentos culturais.","indexacao":"","observacao":"","resultado":"","texto_original":"http://sapl.crixas.go.leg.br/media/sapl/public/materialegislativa/2021/50/requerimento_n._065_de_2021_-_revitalizacao_da_praca_inacio_jose_dos_campos_construcao_de_estacionamento_banheiro_pubico_e_de_monumentos_culturais_gleibson.pdf","data_ultima_atualizacao":"2021-06-17T09:02:08.384763-03:00","ip":"186.250.79.137","ultima_edicao":"2021-06-17T09:01:27.335766-03:00","tipo":1,"regime_tramitacao":3,"tipo_origem_externa":null,"local_origem_externa":null,"user":2,"anexadas":[],"autores":[2]}