{"id":654,"__str__":"Projeto de Lei n\u00ba 9 de 2021","link_detail_backend":"/materia/654","metadata":{},"numero":9,"ano":2021,"numero_protocolo":null,"data_apresentacao":"2021-04-06","tipo_apresentacao":"","data_publicacao":"2021-04-06","numero_origem_externa":"","ano_origem_externa":null,"data_origem_externa":null,"apelido":"","dias_prazo":null,"data_fim_prazo":null,"em_tramitacao":false,"polemica":false,"objeto":"","complementar":false,"ementa":"Projeto n\u00ba 09/2021. Institui no Calend\u00e1rio Oficial de datas e Eventos do Munic\u00edpio de Crix\u00e1s o Dia de Combate \u00e0 Intoler\u00e2ncia Religiosa, e da outras provid\u00eancias.","indexacao":"","observacao":"","resultado":"","texto_original":"http://sapl.crixas.go.leg.br/media/sapl/public/materialegislativa/2021/654/projeto_de_lei_n._009_de_2021_-_calendario_oficial_do_dia_de_combate_a_intolerancia_religiosa_gleibson.pdf","data_ultima_atualizacao":"2023-08-28T14:18:26.964369-03:00","ip":"186.250.79.209","ultima_edicao":"2023-08-28T14:08:44.251375-03:00","tipo":3,"regime_tramitacao":3,"tipo_origem_externa":null,"local_origem_externa":null,"user":34,"anexadas":[],"autores":[2]}