{"id":662,"__str__":"Projeto de Lei n\u00ba 21 de 2021","link_detail_backend":"/materia/662","metadata":{},"numero":21,"ano":2021,"numero_protocolo":null,"data_apresentacao":"2021-05-04","tipo_apresentacao":"","data_publicacao":"2021-05-04","numero_origem_externa":"","ano_origem_externa":null,"data_origem_externa":null,"apelido":"","dias_prazo":null,"data_fim_prazo":null,"em_tramitacao":false,"polemica":false,"objeto":"","complementar":false,"ementa":"Projeto n\u00ba 021/2021. Institui e inclui no calend\u00e1rio Oficial de Eventos da Cidade de Crix\u00e1s-GO, o Dia do Feirante, e da outras provid\u00eancias.","indexacao":"","observacao":"","resultado":"","texto_original":"http://sapl.crixas.go.leg.br/media/sapl/public/materialegislativa/2021/662/projeto_de_lei_n._021_de_2021_-_institui_o_dia_do_feirante_gleibson.pdf","data_ultima_atualizacao":"2023-08-28T15:31:11.113832-03:00","ip":"186.250.79.209","ultima_edicao":"2023-08-28T15:23:12.227381-03:00","tipo":3,"regime_tramitacao":3,"tipo_origem_externa":null,"local_origem_externa":null,"user":34,"anexadas":[],"autores":[2]}