{"id":697,"__str__":"Projeto de Lei n\u00ba 15 de 2019","link_detail_backend":"/materia/697","metadata":{},"numero":15,"ano":2019,"numero_protocolo":null,"data_apresentacao":"2019-10-07","tipo_apresentacao":"","data_publicacao":"2019-10-07","numero_origem_externa":"","ano_origem_externa":null,"data_origem_externa":null,"apelido":"","dias_prazo":null,"data_fim_prazo":null,"em_tramitacao":false,"polemica":false,"objeto":"","complementar":false,"ementa":"Projeto n\u00ba 015/2019. Declara de utilidade p\u00fablica o Grupo Ecol\u00f3gico Guardi\u00f5es do Verde, organiza\u00e7\u00e3o de atividades de associa\u00e7\u00f5es de defesa de direitos sociais.","indexacao":"","observacao":"","resultado":"","texto_original":"http://sapl.crixas.go.leg.br/media/sapl/public/materialegislativa/2019/697/projeto_no_015_-_2019_-_alvaro.pdf","data_ultima_atualizacao":"2023-09-01T15:16:57.735520-03:00","ip":"186.250.79.212","ultima_edicao":"2023-09-01T15:16:57.554481-03:00","tipo":3,"regime_tramitacao":3,"tipo_origem_externa":null,"local_origem_externa":null,"user":34,"anexadas":[],"autores":[12]}