{"id":701,"__str__":"Projeto de Lei n\u00ba 11 de 2019","link_detail_backend":"/materia/701","metadata":{},"numero":11,"ano":2019,"numero_protocolo":null,"data_apresentacao":"2019-09-02","tipo_apresentacao":"","data_publicacao":"2019-09-02","numero_origem_externa":"","ano_origem_externa":null,"data_origem_externa":null,"apelido":"","dias_prazo":null,"data_fim_prazo":null,"em_tramitacao":false,"polemica":false,"objeto":"","complementar":false,"ementa":"Projeto n\u00ba 011/2019. Declara de utilidade p\u00fablica a Associa\u00e7\u00e3o de Camponesas e Camponeses do Assentamento Chico Mendes, Organiza\u00e7\u00e3o  de  atividades de associa\u00e7\u00f5es de defesa de direitos sociais.","indexacao":"","observacao":"","resultado":"","texto_original":"http://sapl.crixas.go.leg.br/media/sapl/public/materialegislativa/2019/701/projeto_no_011_-_2019-_alvaro.pdf","data_ultima_atualizacao":"2023-09-01T15:37:18.803600-03:00","ip":"186.250.79.212","ultima_edicao":"2023-09-01T15:31:08.863477-03:00","tipo":3,"regime_tramitacao":3,"tipo_origem_externa":null,"local_origem_externa":null,"user":34,"anexadas":[],"autores":[12]}