{"id":735,"__str__":"Projeto de Lei n\u00ba 70 de 2022","link_detail_backend":"/materia/735","metadata":{},"numero":70,"ano":2022,"numero_protocolo":null,"data_apresentacao":"2022-12-05","tipo_apresentacao":"","data_publicacao":"2022-12-05","numero_origem_externa":"","ano_origem_externa":null,"data_origem_externa":null,"apelido":"","dias_prazo":null,"data_fim_prazo":null,"em_tramitacao":false,"polemica":false,"objeto":"","complementar":false,"ementa":"Projeto n\u00ba 070/2022. Institui o dia municipal para preven\u00e7\u00e3o, conscientiza\u00e7\u00e3o e apoio aos portadores de c\u00e2ncer do C\u00f3lon e Reto, e da outras provid\u00eancias.","indexacao":"","observacao":"","resultado":"","texto_original":"http://sapl.crixas.go.leg.br/media/sapl/public/materialegislativa/2022/735/projeto_de_lei_n._070_de_2022_-_institui_o_dia_de_apoio_aos_portadores_de_cancer_do_colon_e_reto_gleibson.pdf","data_ultima_atualizacao":"2023-09-12T13:39:56.002004-03:00","ip":"186.250.79.126","ultima_edicao":"2023-09-12T13:34:59.437733-03:00","tipo":3,"regime_tramitacao":3,"tipo_origem_externa":null,"local_origem_externa":null,"user":34,"anexadas":[],"autores":[2]}