{"id":777,"__str__":"Of\u00edcios n\u00ba 9 de 2023","link_detail_backend":"/materia/777","metadata":{},"numero":9,"ano":2023,"numero_protocolo":null,"data_apresentacao":"2023-11-27","tipo_apresentacao":"","data_publicacao":"2023-11-27","numero_origem_externa":"","ano_origem_externa":null,"data_origem_externa":null,"apelido":"","dias_prazo":null,"data_fim_prazo":null,"em_tramitacao":false,"polemica":false,"objeto":"","complementar":false,"ementa":"Of\u00edcio Circular n\u00ba 08 - 01/2023. Convoca o ilustre vereador a participar da Sess\u00e3o Extraordin\u00e1rio ser realizar no dia 28 de Novembro de 2023 a partir das 09:00 horas, no Audit\u00f3rio Claudio Eloi Santana, anexo a  C\u00e2mara Municipal de Crix\u00e1s , com finalidade de apreciarem os Projetos de Leis abaixo relacionados.                                                                                                                                                                                                                                  Projeto de Lei n\u00ba 039/2023, de 04  de setembro de 2023 (com mensagem aditiva n\u00ba 01/2023), de autoria do Poder Executivo  que em s\u00edntese \"Desafeta as \u00e1reas p\u00fablicas no setor Residencial Santos Reis, neste Munic\u00edpio de Crix\u00e1s/GO e revoga a Lei Municipal n\u00ba 2.019 de 20 de Mar\u00e7o de 2019, e da outras provid\u00eancias\".","indexacao":"","observacao":"","resultado":"","texto_original":"http://sapl.crixas.go.leg.br/media/sapl/public/materialegislativa/2023/777/convocacao_-_extraordinaria_do_dia_28-11.pdf","data_ultima_atualizacao":"2023-11-27T16:38:39.333757-03:00","ip":"186.250.79.175","ultima_edicao":"2023-11-27T16:38:38.471651-03:00","tipo":12,"regime_tramitacao":3,"tipo_origem_externa":null,"local_origem_externa":null,"user":34,"anexadas":[],"autores":[8]}