{"id":778,"__str__":"Of\u00edcios n\u00ba 10 de 2023","link_detail_backend":"/materia/778","metadata":{},"numero":10,"ano":2023,"numero_protocolo":null,"data_apresentacao":"2023-11-28","tipo_apresentacao":"","data_publicacao":"2023-11-28","numero_origem_externa":"","ano_origem_externa":null,"data_origem_externa":null,"apelido":"","dias_prazo":null,"data_fim_prazo":null,"em_tramitacao":false,"polemica":false,"objeto":"","complementar":false,"ementa":"Of\u00edcio Circular n\u00ba 09 - 01/2023. Convoca os ilustres vereadores a participarem da Sess\u00e3o Extraordin\u00e1ria a ser realizada no dia 28 de Novembro de 2023 \u00e1s 19:30 hrs (anteriormente marcada para \u00e1s 8:00 hrs do mesmo dia), no Audit\u00f3rio Claudio Eloi Santana, anexo a C\u00e2mara Municipal  de Crix\u00e1s, com a finalidade de apreciarem o Projeto de Lei abaixo relacionado.                                                                                                                                                      Projeto de Lei n\u00ba 039/2023, de 04 de Setembro de 2023 (com mensagem aditiva n\u00ba 01/2023), de autoria do Poder Executivo que em s\u00edntese \"Desafeta as \u00e1reas p\u00fablicas no setor Residencial Santos Reis, neste Munic\u00edpio de Crix\u00e1s/GO e revoga a Lei Municipal n\u00ba 2.019, de 20 de Mar\u00e7o de 2019, e da outras Provid\u00eancias.","indexacao":"","observacao":"","resultado":"","texto_original":"http://sapl.crixas.go.leg.br/media/sapl/public/materialegislativa/2023/778/convocacao_-_extraordinaria_dia_28_as_1930_horas..pdf","data_ultima_atualizacao":"2023-11-28T14:11:53.517197-03:00","ip":"186.250.79.175","ultima_edicao":"2023-11-28T13:56:03.355800-03:00","tipo":12,"regime_tramitacao":3,"tipo_origem_externa":null,"local_origem_externa":null,"user":34,"anexadas":[],"autores":[8]}