{"id":785,"__str__":"Of\u00edcios n\u00ba 262 de 2023","link_detail_backend":"/materia/785","metadata":{},"numero":262,"ano":2023,"numero_protocolo":null,"data_apresentacao":"2023-11-29","tipo_apresentacao":"","data_publicacao":"2023-11-29","numero_origem_externa":"","ano_origem_externa":null,"data_origem_externa":null,"apelido":"","dias_prazo":null,"data_fim_prazo":null,"em_tramitacao":false,"polemica":false,"objeto":"","complementar":false,"ementa":"Of\u00edcio n\u00ba 262/2023. Solicitar a destina\u00e7\u00e3o de emenda parlamentar de valor estipulado pelo nobre Deputado, visando a constru\u00e7\u00e3o e manuten\u00e7\u00e3o da sede pr\u00f3pria da Associa\u00e7\u00e3o de Pais do Autista S\u00e3o Miguel Arcanjo ( CNPJ anexo ) que atualmente encontra - se instalado na Rua 12 de Outubro, s/n. Qd. 06 . Lt. 07 Setor Santa Izabel, institui\u00e7\u00e3o de grande valor que tem  desenvolvido  um trabalho  brilhante  junto  as pessoas com  Transtorno do Espectro Autista - TEA no Munic\u00edpio de Crix\u00e1s.","indexacao":"","observacao":"","resultado":"","texto_original":"http://sapl.crixas.go.leg.br/media/sapl/public/materialegislativa/2023/785/oficio_no_262_toninho.pdf","data_ultima_atualizacao":"2023-12-05T14:47:29.037443-03:00","ip":"186.250.79.49","ultima_edicao":"2023-12-05T14:25:54.689509-03:00","tipo":12,"regime_tramitacao":3,"tipo_origem_externa":null,"local_origem_externa":null,"user":34,"anexadas":[],"autores":[4]}