{"id":787,"__str__":"Of\u00edcios n\u00ba 13 de 2023","link_detail_backend":"/materia/787","metadata":{},"numero":13,"ano":2023,"numero_protocolo":null,"data_apresentacao":"2023-12-07","tipo_apresentacao":"E","data_publicacao":"2023-12-07","numero_origem_externa":"","ano_origem_externa":2023,"data_origem_externa":null,"apelido":"","dias_prazo":null,"data_fim_prazo":null,"em_tramitacao":false,"polemica":false,"objeto":"","complementar":false,"ementa":"vereador presidente da C\u00e2mara Municipal de Crix\u00e1s -\r\nGoi\u00e1s no uso das suas atribui\u00e7\u00f5es legais, convoca os ilustres vereadores a participarem da Sess\u00e3o Extraordin\u00e1ria ser realizada no dia 07 de dezembro de 2023 ap\u00f3s a sess\u00e3o ordin\u00e1ria das 20:00 horas, no Audit\u00f3rio Claudio Eloi Santana, anexo a C\u00e2mara Municipal de Crix\u00e1s, com a finalidade de apreciarem o Projeto de Lei abaixo relacionado: Projeto de Lei n033 /2023.","indexacao":"","observacao":"","resultado":"","texto_original":null,"data_ultima_atualizacao":"2023-12-07T09:51:45.601776-03:00","ip":"186.250.79.204","ultima_edicao":"2023-12-07T09:44:43.638094-03:00","tipo":12,"regime_tramitacao":3,"tipo_origem_externa":null,"local_origem_externa":null,"user":34,"anexadas":[],"autores":[]}