{"id":91,"__str__":"Requerimentos n\u00ba 170 de 2021","link_detail_backend":"/materia/91","metadata":{},"numero":170,"ano":2021,"numero_protocolo":null,"data_apresentacao":"2021-06-08","tipo_apresentacao":"","data_publicacao":null,"numero_origem_externa":"","ano_origem_externa":null,"data_origem_externa":null,"apelido":"","dias_prazo":null,"data_fim_prazo":null,"em_tramitacao":false,"polemica":false,"objeto":"","complementar":false,"ementa":"Solicita implementa\u00e7\u00e3o de ilumina\u00e7\u00e3o p\u00fablica na Viela entre Avenida Dez e Rua Oito","indexacao":"","observacao":"","resultado":"","texto_original":"http://sapl.crixas.go.leg.br/media/sapl/public/materialegislativa/2021/91/requerimento_no_170_-_solicita_implementacao_de_iluminacao_publica_na_viela_entre_avenida_dez_e_rua_oito..pdf","data_ultima_atualizacao":"2021-06-17T10:16:17.010691-03:00","ip":"186.250.79.137","ultima_edicao":"2021-06-17T10:15:18.825067-03:00","tipo":1,"regime_tramitacao":3,"tipo_origem_externa":null,"local_origem_externa":null,"user":2,"anexadas":[],"autores":[1]}