{"id":96,"__str__":"Requerimentos n\u00ba 175 de 2021","link_detail_backend":"/materia/96","metadata":{},"numero":175,"ano":2021,"numero_protocolo":null,"data_apresentacao":"2021-06-09","tipo_apresentacao":"","data_publicacao":null,"numero_origem_externa":"","ano_origem_externa":null,"data_origem_externa":null,"apelido":"","dias_prazo":null,"data_fim_prazo":null,"em_tramitacao":false,"polemica":false,"objeto":"","complementar":false,"ementa":"Solicita a a contrata\u00e7\u00e3o ou destina\u00e7\u00e3o de Agentes comunitario de Sa\u00fade e Emdenias","indexacao":"","observacao":"","resultado":"","texto_original":"http://sapl.crixas.go.leg.br/media/sapl/public/materialegislativa/2021/96/requerimento_no_175_-_solicita_a_a_contratacao_ou_destinacao_de_agentes_comunitario_de_saude_e_emdenias.pdf","data_ultima_atualizacao":"2021-06-17T10:33:32.287067-03:00","ip":"186.250.79.137","ultima_edicao":"2021-06-17T10:32:59.912563-03:00","tipo":1,"regime_tramitacao":3,"tipo_origem_externa":null,"local_origem_externa":null,"user":2,"anexadas":[],"autores":[6]}