{"id":991,"__str__":"Mo\u00e7\u00e3o n\u00ba 8 de 2022","link_detail_backend":"/materia/991","metadata":{},"numero":8,"ano":2022,"numero_protocolo":null,"data_apresentacao":"2022-09-15","tipo_apresentacao":"","data_publicacao":"2022-09-15","numero_origem_externa":"","ano_origem_externa":null,"data_origem_externa":null,"apelido":"","dias_prazo":null,"data_fim_prazo":null,"em_tramitacao":false,"polemica":false,"objeto":"","complementar":false,"ementa":"\u00c9 com muita honra e satisfa\u00e7\u00e3o que apresento Mo\u00e7\u00e3o de Congratula\u00e7\u00e3o e Aplauso \u00e1 Associa\u00e7\u00e3o e Amigos dos Excepcionais - APAE de Crix\u00e1s.","indexacao":"","observacao":"","resultado":"","texto_original":"http://sapl.crixas.go.leg.br/media/sapl/public/materialegislativa/2022/991/mocao_de_congratulacoes_e_aplausos_no_008_-_2022_-_fernando_antonio.pdf","data_ultima_atualizacao":"2025-02-27T09:59:08.588144-03:00","ip":"168.121.163.216","ultima_edicao":"2025-02-27T09:55:16.477130-03:00","tipo":6,"regime_tramitacao":3,"tipo_origem_externa":null,"local_origem_externa":null,"user":35,"anexadas":[],"autores":[6]}